{"id":99,"date":"2014-07-25T19:32:46","date_gmt":"2014-07-25T19:32:46","guid":{"rendered":"http:\/\/www.mutokino.com\/web\/?p=99"},"modified":"2020-06-23T18:28:38","modified_gmt":"2020-06-23T18:28:38","slug":"99","status":"publish","type":"post","link":"http:\/\/www.mutokino.com\/web\/radicalismos","title":{"rendered":"Programa 1: Radicalismos"},"content":{"rendered":"<div style=\"position:absolute;top:-30px; left:0;\"><a href=\"javascript:history.back(1)\" title=\"volver\" style=\"color:#666\">\u00ab volver<\/a><\/div>\n<table border=\"0\" width=\"1000\" cellspacing=\"0\" cellpadding=\"0\">\n<tbody>\n<tr>\n<td style=\"text-align: center;\" align=\"center\" valign=\"top\" width=\"250\" height=\"150\"><a href=\"http:\/\/www.mutokino.com\/web\/?p=122\"><img loading=\"lazy\" decoding=\"async\" class=\"alignnone size-full wp-image-131\" src=\"http:\/\/www.mutokino.com\/web\/wp-content\/uploads\/2014\/07\/thumb-mambocool.jpg\" alt=\"thumb-mambocool\" width=\"250\" height=\"150\" srcset=\"http:\/\/www.mutokino.com\/web\/wp-content\/uploads\/2014\/07\/thumb-mambocool.jpg 250w, http:\/\/www.mutokino.com\/web\/wp-content\/uploads\/2014\/07\/thumb-mambocool-210x126.jpg 210w\" sizes=\"auto, (max-width: 250px) 100vw, 250px\" \/><\/a><\/td>\n<td style=\"text-align: center;\" align=\"center\" valign=\"top\" width=\"250\" height=\"150\"><a href=\"http:\/\/www.mutokino.com\/web\/?p=119\"><img loading=\"lazy\" decoding=\"async\" class=\"alignnone size-full wp-image-130\" src=\"http:\/\/www.mutokino.com\/web\/wp-content\/uploads\/2014\/07\/thumb-senoritas.jpg\" alt=\"thumb-senoritas\" width=\"250\" height=\"150\" srcset=\"http:\/\/www.mutokino.com\/web\/wp-content\/uploads\/2014\/07\/thumb-senoritas.jpg 250w, http:\/\/www.mutokino.com\/web\/wp-content\/uploads\/2014\/07\/thumb-senoritas-210x126.jpg 210w\" sizes=\"auto, (max-width: 250px) 100vw, 250px\" \/><\/a><\/td>\n<td style=\"text-align: center;\" align=\"center\" valign=\"top\" width=\"250\" height=\"150\"><a title=\"Corta\" href=\"http:\/\/www.mutokino.com\/web\/portfolio\/corta\/\"><img loading=\"lazy\" decoding=\"async\" class=\"alignnone size-full wp-image-86\" src=\"http:\/\/www.mutokino.com\/web\/wp-content\/uploads\/2014\/07\/thumb-corta.jpg\" alt=\"thumb-corta\" width=\"250\" height=\"150\" srcset=\"http:\/\/www.mutokino.com\/web\/wp-content\/uploads\/2014\/07\/thumb-corta.jpg 250w, http:\/\/www.mutokino.com\/web\/wp-content\/uploads\/2014\/07\/thumb-corta-210x126.jpg 210w\" sizes=\"auto, (max-width: 250px) 100vw, 250px\" \/><\/a><\/td>\n<td style=\"text-align: center;\" align=\"center\" valign=\"top\" width=\"250\" height=\"150\">\u00a0<\/td>\n<\/tr>\n<tr>\n<td style=\"text-align: center;\" align=\"center\" valign=\"middle\" height=\"40\">\n<h1><a href=\"http:\/\/www.mutokino.com\/web\/?p=122\">Mambo Cool<\/a><\/h1>\n<\/td>\n<td style=\"text-align: center;\" align=\"center\" valign=\"middle\" height=\"40\">\n<h1><a href=\"http:\/\/www.mutokino.com\/web\/?p=119\">Se\u00f1oritas<\/a>\u00a0<\/h1>\n<\/td>\n<td style=\"text-align: center;\" align=\"center\" valign=\"middle\" height=\"40\">\n<h1>\u00a0<a title=\"Corta\" href=\"http:\/\/www.mutokino.com\/web\/portfolio\/corta\/\">Corta<\/a><\/h1>\n<\/td>\n<td style=\"text-align: center;\" align=\"center\" valign=\"middle\" height=\"40\">\u00a0<\/td>\n<\/tr>\n<\/tbody>\n<\/table>\n<p>El programa lo conforma\u00a0<strong>Mambo Cool<\/strong>\u00a0de Chris Gude, <strong>Se\u00f1oritas<\/strong>\u00a0de Lina Rodriguez y <strong>Corta<\/strong>\u00a0de Felipe Guerrero, pel\u00edculas que se caracterizan por su particular construcci\u00f3n del relato y por cuestionar la apropiaci\u00f3n de una identidad colombiana. Pel\u00edculas radicales porque rompen fundamentos del espectador. <br \/>Cine que privilegia el montaje como motor din\u00e1mico del discurso y borra la frontera de los g\u00e9neros. Cine que\u00a0expone una forma narrante donde el sonido es flu\u00eddo vital aut\u00f3nomo que articula una experiencia sensorial preponderante.<\/p>\n<p>Agenda:<\/p>\n<p>MAYO 2020 <a href=\"https:\/\/www.mowies.com\/my-mowies\/cinetonala\">MOWIES<\/a><br \/>SEPTIEMBRE 2015 Universidad Jorge Tadeo Lozano &#8211; Bogot\u00e1, Colombia<br \/>JULIO 2015\u00a0Centro Colombo Americano &#8211; Medell\u00edn, Colombia<br \/>DICIEMBRE 2014\u00a0Museo La Tertulia &#8211; Cali, Colombia<br \/>NOVIEMBRE 2014\u00a0<strong>Corta<\/strong> en\u00a0Cine Tonal\u00e1\u00a0<span style=\"color: #000000;\">&#8211; Bogot\u00e1,\u00a0Colombia (Estreno del mes)<br \/><\/span>OCTUBRE 2014\u00a0<strong>Se\u00f1oritas<\/strong>\u00a0en\u00a0Cine Tonal\u00e1 &#8211; Bogot\u00e1,\u00a0Colombia (Estreno del mes)<br \/>SEPTIEMBRE 2014\u00a0<strong>Mambo Cool<\/strong>\u00a0en Cine Tonal\u00e1\u00a0<span style=\"color: #000000;\">&#8211; Bogot\u00e1,\u00a0Colombia (Estreno del mes)<br \/><\/span>AGOSTO 2104 Cine Tonal\u00e1<strong style=\"color: #000000;\">\u00a0<\/strong><span style=\"color: #000000;\">&#8211; Bogot\u00e1,\u00a0Colombia (Pre Estreno)<br \/><\/span>Taller Radicalismos:\u00a0Narrativas contempor\u00e1neas en el cine colombiano por Chris Gude,\u00a0Lina Rodr\u00edguez \u00a0y Felipe Guerrero 13 y 14 agosto<\/p>\n<div class=\"share-this group\"><span class=\"share\">Share &rarr;<\/span><\/p>\n<div><a href=\"http:\/\/twitter.com\/share\" class=\"twitter-share-button\" data-count=\"horizontal\">Tweet<\/a><\/div>\n<div class=\"plusone\"><g:plusone size=\"medium\" href=\"http:\/\/www.mutokino.com\/web\/radicalismos\"><\/g:plusone><\/div>\n<div class=\"facebook-like-button\"><iframe src=\"http:\/\/www.facebook.com\/plugins\/like.php?href=http%3A%2F%2Fwww.mutokino.com%2Fweb%2Fradicalismos&amp;layout=button_count&amp;show_faces=false&amp;width=200&amp;action=like&amp;colorscheme=light&amp;height=21\"scrolling=\"no\" frameborder=\"0\" style=\"border:none; overflow:hidden; width:200px; height:21px;\" allowTransparency=\"true\"><\/iframe><\/div>\n<\/div>\n","protected":false},"excerpt":{"rendered":"<p>\u00ab volver \u00a0 Mambo Cool Se\u00f1oritas\u00a0 \u00a0Corta \u00a0 El programa lo conforma\u00a0Mambo Cool\u00a0de Chris Gude, Se\u00f1oritas\u00a0de Lina Rodriguez y Corta\u00a0de Felipe Guerrero, pel\u00edculas que se caracterizan por su particular construcci\u00f3n&#8230; <a class=\"read-more\" href=\"http:\/\/www.mutokino.com\/web\/radicalismos\">Leer Mas &raquo;<\/a><\/p>\n","protected":false},"author":1,"featured_media":0,"comment_status":"open","ping_status":"open","sticky":false,"template":"","format":"standard","meta":{"footnotes":""},"categories":[1],"tags":[],"class_list":["post-99","post","type-post","status-publish","format-standard","hentry","category-sin-categoria"],"_links":{"self":[{"href":"http:\/\/www.mutokino.com\/web\/wp-json\/wp\/v2\/posts\/99","targetHints":{"allow":["GET"]}}],"collection":[{"href":"http:\/\/www.mutokino.com\/web\/wp-json\/wp\/v2\/posts"}],"about":[{"href":"http:\/\/www.mutokino.com\/web\/wp-json\/wp\/v2\/types\/post"}],"author":[{"embeddable":true,"href":"http:\/\/www.mutokino.com\/web\/wp-json\/wp\/v2\/users\/1"}],"replies":[{"embeddable":true,"href":"http:\/\/www.mutokino.com\/web\/wp-json\/wp\/v2\/comments?post=99"}],"version-history":[{"count":63,"href":"http:\/\/www.mutokino.com\/web\/wp-json\/wp\/v2\/posts\/99\/revisions"}],"predecessor-version":[{"id":631,"href":"http:\/\/www.mutokino.com\/web\/wp-json\/wp\/v2\/posts\/99\/revisions\/631"}],"wp:attachment":[{"href":"http:\/\/www.mutokino.com\/web\/wp-json\/wp\/v2\/media?parent=99"}],"wp:term":[{"taxonomy":"category","embeddable":true,"href":"http:\/\/www.mutokino.com\/web\/wp-json\/wp\/v2\/categories?post=99"},{"taxonomy":"post_tag","embeddable":true,"href":"http:\/\/www.mutokino.com\/web\/wp-json\/wp\/v2\/tags?post=99"}],"curies":[{"name":"wp","href":"https:\/\/api.w.org\/{rel}","templated":true}]}}