{"id":512,"date":"2018-08-08T18:40:52","date_gmt":"2018-08-08T18:40:52","guid":{"rendered":"http:\/\/www.mutokino.com\/web\/?p=512"},"modified":"2020-09-29T17:39:55","modified_gmt":"2020-09-29T17:39:55","slug":"programa-4-forum","status":"publish","type":"post","link":"http:\/\/www.mutokino.com\/web\/programa-4-forum","title":{"rendered":"Programa 4: F\u00f3rum"},"content":{"rendered":"<div style=\"position:absolute;top:-30px; left:0;\"><a href=\"javascript:history.back(1)\" title=\"volver\" style=\"color:#666\">\u00ab volver<\/a><\/div>\n<table border=\"0\" width=\"1000\" cellspacing=\"0\" cellpadding=\"0\">\n<tbody>\n<tr>\n<td style=\"text-align: center;\" align=\"center\" valign=\"top\" width=\"250\" height=\"150\"><a href=\"http:\/\/www.mutokino.com\/web\/portfolio\/nacimiento\"><img loading=\"lazy\" decoding=\"async\" class=\"alignnone wp-image-436 size-full\" src=\"http:\/\/www.mutokino.com\/web\/wp-content\/uploads\/2018\/08\/thumb-nacimiento.jpg\" alt=\"\" width=\"250\" height=\"150\" \/><\/a><\/td>\n<td style=\"text-align: center;\" align=\"center\" valign=\"top\" width=\"250\" height=\"150\"><a href=\"http:\/\/www.mutokino.com\/web\/portfolio\/interior\"><img loading=\"lazy\" decoding=\"async\" class=\"alignnone wp-image-439 size-full\" src=\"http:\/\/www.mutokino.com\/web\/wp-content\/uploads\/2018\/08\/thumb-interior.jpg\" alt=\"\" width=\"250\" height=\"150\" \/><\/a><\/td>\n<td style=\"text-align: center;\" align=\"center\" valign=\"top\" width=\"250\" height=\"150\"><a href=\"http:\/\/www.mutokino.com\/web\/portfolio\/mariana\"><img loading=\"lazy\" decoding=\"async\" class=\"alignnone wp-image-439 size-full\" src=\"http:\/\/www.mutokino.com\/web\/wp-content\/uploads\/2017\/06\/still-MARIANA-22.jpg\" alt=\"\" width=\"250\" height=\"150\" \/><\/a>\u00a0<\/td>\n<td style=\"text-align: center;\" align=\"center\" valign=\"top\" width=\"250\" height=\"150\"><a href=\"http:\/\/www.mutokino.com\/web\/portfolio\/la-bouche\"><img loading=\"lazy\" decoding=\"async\" class=\"alignnone wp-image-439 size-full\" src=\"http:\/\/www.mutokino.com\/web\/wp-content\/uploads\/2018\/08\/thumb-bouche.jpg\" alt=\"\" width=\"250\" height=\"150\" \/><\/a>\u00a0<\/td>\n<\/tr>\n<tr>\n<td style=\"text-align: center;\" align=\"center\" valign=\"middle\" height=\"40\">\n<h1 style=\"margin-top: -20px;\"><a href=\"http:\/\/www.mutokino.com\/web\/portfolio\/nacimiento\">Nacimiento<\/a><\/h1>\n<\/td>\n<td style=\"text-align: center;\" align=\"center\" valign=\"middle\" height=\"40\">\n<h1 style=\"margin-top: -20px;\"><a href=\"http:\/\/www.mutokino.com\/web\/portfolio\/interior\/\">Interior<\/a><\/h1>\n<\/td>\n<td style=\"text-align: center;\" align=\"center\" valign=\"middle\" height=\"40\">\n<h1 style=\"margin-top: -20px;\"><a href=\"http:\/\/www.mutokino.com\/web\/portfolio\/mariana\/\">Mariana<\/a><\/h1>\n<\/td>\n<td style=\"text-align: center;\" align=\"center\" valign=\"middle\" height=\"40\">\n<h1 style=\"margin-top: -20px;\"><a href=\"http:\/\/www.mutokino.com\/web\/portfolio\/la-bouche\/\">La Bouche<\/a><\/h1>\n<\/td>\n<\/tr>\n<tr>\n<td style=\"text-align: center;\" align=\"center\" valign=\"top\" width=\"250\" height=\"150\"><a href=\"http:\/\/www.mutokino.com\/web\/portfolio\/la-torre\"><img loading=\"lazy\" decoding=\"async\" class=\"alignnone wp-image-436 size-full\" src=\"http:\/\/www.mutokino.com\/web\/wp-content\/uploads\/2018\/08\/thumb-torre.jpg\" alt=\"\" width=\"250\" height=\"150\" \/><\/a><\/td>\n<\/tr>\n<tr>\n<td style=\"text-align: center;\" align=\"center\" valign=\"middle\" height=\"40\">\n<h1><a href=\"http:\/\/www.mutokino.com\/web\/portfolio\/la-torre\">La Torre<\/a><\/h1>\n<\/td>\n<\/tr>\n<\/tbody>\n<\/table>\n<p>En este programa nos interesa el <i>status<\/i> de forastero, for\u00e1neo -ra\u00edces ambas de la palabra f\u00f3rum-, que para nosotros tiene que ver con im\u00e1genes que buscan un lugar y vacilan entre mapas desva\u00eddos generando territorios nuevos. Nos interesa el cine que no est\u00e1 enmarcado en un croquis conocido sino m\u00e1s bien un cine mutante, difuso. En esta particularidad los autores que forman parte de este programa comparten el desapego por narrar desde un punto fijo. Persiguen la idea de abandonar el centro y encontrar comodidad en las orillas desde donde generan pel\u00edculas esquivas, sin ra\u00edz, de imperfecta soltura, que fracturan lo real e inauguran lo visible.<\/p>\n<p>Todas estas voces perif\u00e9ricas y m\u00f3viles se tensan de manera l\u00e1bil a nuestro pasado llevando la neuralgia tr\u00e1gica al fuera de campo. Hay una excepci\u00f3n hist\u00f3rica con <b>Chircales<\/b> de Marta Rodr\u00edguez y Jorge Silva \u2013que exhibiremos en su copia restaurada-, donde la representaci\u00f3n de la Colombia de mitad del siglo pasado est\u00e1 anclada a una visi\u00f3n cinematogr\u00e1fica excepcional de car\u00e1cter vanguardista, una mirada rigurosa cargada de rabia pol\u00edtica y desenfado est\u00e9tico.<\/p>\n<p>El puente propuesto en esta curadur\u00eda, que va desde <b>Chircales<\/b> hacia estas obras m\u00e1s recientes, pone en crisis la representaci\u00f3n de la realidad que fundamenta el cine de lo real, erosionando la imagen de una idea de naci\u00f3n, llevando sus inquietudes hacia la aridez y la soledad de los esp\u00edritus vagabundos, abandonando una idea precisa de territorio.<\/p>\n<p>El cine pol\u00edtico pone sobre sus espectadores la necesidad imperiosa de contar la realidad violenta de un pa\u00eds. El topos cinematogr\u00e1fico pesa sobre la inevitable urgencia, aquello que debe narrarse se vuelve necesario porque de lo contrario el desangre de la memoria es irrefrenable. Esta nueva generaci\u00f3n quiere dejar un interrogante y sentirse libre de no dejar hendidura ni huella, contar historias acaso intrascendentes, irresueltas e inquietas. Una memoria difusa, acaso extranjera -por ser extra\u00f1a- que trace el mapa de una nueva tierra y que reinvente historias donde acaso no exista la presencia inexorable del tiempo.<\/p>\n<p>Estrenos:<br \/><strong>Nacimiento<\/strong> de Mart\u00edn Mej\u00eda es la historia de un embarazo adolescente en medio de la selva, un relato mustio que dilata calmadamente el alumbramiento.<br \/><strong>Interior<\/strong> de Camila Rodr\u00edguez es la historia de una habitaci\u00f3n de un hotel de paso donde figuras se cruzan intuitivamente y sin descanso.<br \/><strong>Mariana<\/strong> de Chris Gude es la historia de un desencuentro en medio de un desierto invadido de proclamas que buscan fundar ah\u00ed la libertad.<br \/><strong>La Bouche<\/strong> de Camilo Restrepo es la historia de un padre dolido por la muerte de su hija mientras su tambor truena en espera de venganza.<br \/><strong>La Torre<\/strong> de Sebasti\u00e1n M\u00fanera es la historia de un escenario derruido, la imaginaria posibilidad de tres personajes por recuperar su imagen intacta.\u00a0<\/p>\n<p>Sesi\u00f3n Restrospectiva:<br \/><strong>Chircales<\/strong> de Marta Rodr\u00edguez y Jorge Silva es la historia del sino tr\u00e1gico nacional, una mirada inc\u00f3moda sobre el desplazamiento y la explotaci\u00f3n de una familia desheredada.<br \/><strong>Besos fr\u00edos<\/strong> de Nicol\u00e1s Rinc\u00f3n Gille es la historia de todas las madres que a sus hijos esperan en vac\u00edos tan dolorosos donde cabe apenas la voz lejana de la muerte\u00a0<\/p>\n<p>Curadur\u00eda: Felipe Guerrero<br \/>Producci\u00f3n: Adriana Agudelo<\/p>\n<p>Agenda:<\/p>\n<p><strong>Fechas de PRE-ESTRENO\u00a0en Cinemateca Distrital de Bogot\u00e1<\/strong><br \/>Carrera 7 No. 22-79, Bogot\u00e1, Colombia<\/p>\n<p><b>Martes 28 agosto 2018 En el marco de FID MARSEILLE-ITINERANCIA BOGOT\u00c1<\/b><br \/>7:00 p.m. MARIANA (64 min) &#8211; con presencia del director Chris Gude<\/p>\n<p><b>Mi\u00e9rcoles 29 agosto\u00a0<b>2018<\/b><\/b><br \/>5:00 p.m. INTERIOR (85 min) &#8211; con presencia de la directora Camila Rodr\u00edguez<br \/>7:00 p.m. NACIMIENTO (85 min)<\/p>\n<p><b>Jueves 30 agosto\u00a0<b>2018<\/b><\/b><br \/>5:00 p.m. MARIANA (64 min) + LA BOUCHE (19 min) &#8211; con presencia del director Chris Gude y Felipe Guerrero (mutokino)<br \/>7:00 p.m. LA TORRE (78 min) &#8211; con presencia del director Sebasti\u00e1n M\u00fanera y Felipe Guerrero (mutokino)<\/p>\n<p><b>Viernes 31 agosto\u00a0<b>2018<\/b><\/b><br \/>3:00 p.m. INTERIOR (85 min) &#8211; con presencia de la directora Camila Rodr\u00edguez y Felipe Guerrero (mutokino)<br \/>5:00 p.m. LA TORRE (78 min) &#8211; con presencia del director\u00a0 Sebasti\u00e1n M\u00fanera y Felipe Guerrero (mutokino)<\/p>\n<p><b>S\u00e1bado 1 septiembre\u00a0<b>2018<\/b><\/b><br \/>3:00 p.m. CHIRCALES\u00a0(42 min)\u00a0+ BESOS FR\u00cdOS (15 min) &#8211; con presencia de Camila Rodr\u00edguez y Felipe Guerrero (mutokino)<br \/>5:00 p.m. LA TORRE (78 min) &#8211; con presencia del director Sebasti\u00e1n M\u00fanera y Felipe Guerrero (mutokino)<br \/>7:00 pm Conversatorio Narrativas Contempor\u00e1neas en el Cine Colombiano con presencia de los directores Chris Gude, Sebasti\u00e1n M\u00fanera, Camila Rodr\u00edguez<br \/> y Felipe Guerrero (mutokino). Modera Camilo Jimenez (Director Revista Arcadia).<\/p>\n<p>Estreno nacional por todo septiembre en Bogot\u00e1 (Cine Tonal\u00e1, Cinema Para\u00edso), Cali (Cinemateca La Tertulia) y Medell\u00edn (MAMM).<\/p>\n<p>&nbsp;<\/p>\n<div class=\"share-this group\"><span class=\"share\">Share &rarr;<\/span><\/p>\n<div><a href=\"http:\/\/twitter.com\/share\" class=\"twitter-share-button\" data-count=\"horizontal\">Tweet<\/a><\/div>\n<div class=\"plusone\"><g:plusone size=\"medium\" href=\"http:\/\/www.mutokino.com\/web\/programa-4-forum\"><\/g:plusone><\/div>\n<div class=\"facebook-like-button\"><iframe src=\"http:\/\/www.facebook.com\/plugins\/like.php?href=http%3A%2F%2Fwww.mutokino.com%2Fweb%2Fprograma-4-forum&amp;layout=button_count&amp;show_faces=false&amp;width=200&amp;action=like&amp;colorscheme=light&amp;height=21\"scrolling=\"no\" frameborder=\"0\" style=\"border:none; overflow:hidden; width:200px; height:21px;\" allowTransparency=\"true\"><\/iframe><\/div>\n<\/div>\n","protected":false},"excerpt":{"rendered":"<p>\u00ab volver \u00a0 \u00a0 Nacimiento Interior Mariana La Bouche La Torre En este programa nos interesa el status de forastero, for\u00e1neo -ra\u00edces ambas de la palabra f\u00f3rum-, que para nosotros&#8230; <a class=\"read-more\" href=\"http:\/\/www.mutokino.com\/web\/programa-4-forum\">Leer Mas &raquo;<\/a><\/p>\n","protected":false},"author":1,"featured_media":0,"comment_status":"closed","ping_status":"closed","sticky":false,"template":"","format":"standard","meta":{"footnotes":""},"categories":[1],"tags":[],"class_list":["post-512","post","type-post","status-publish","format-standard","hentry","category-sin-categoria"],"_links":{"self":[{"href":"http:\/\/www.mutokino.com\/web\/wp-json\/wp\/v2\/posts\/512","targetHints":{"allow":["GET"]}}],"collection":[{"href":"http:\/\/www.mutokino.com\/web\/wp-json\/wp\/v2\/posts"}],"about":[{"href":"http:\/\/www.mutokino.com\/web\/wp-json\/wp\/v2\/types\/post"}],"author":[{"embeddable":true,"href":"http:\/\/www.mutokino.com\/web\/wp-json\/wp\/v2\/users\/1"}],"replies":[{"embeddable":true,"href":"http:\/\/www.mutokino.com\/web\/wp-json\/wp\/v2\/comments?post=512"}],"version-history":[{"count":48,"href":"http:\/\/www.mutokino.com\/web\/wp-json\/wp\/v2\/posts\/512\/revisions"}],"predecessor-version":[{"id":642,"href":"http:\/\/www.mutokino.com\/web\/wp-json\/wp\/v2\/posts\/512\/revisions\/642"}],"wp:attachment":[{"href":"http:\/\/www.mutokino.com\/web\/wp-json\/wp\/v2\/media?parent=512"}],"wp:term":[{"taxonomy":"category","embeddable":true,"href":"http:\/\/www.mutokino.com\/web\/wp-json\/wp\/v2\/categories?post=512"},{"taxonomy":"post_tag","embeddable":true,"href":"http:\/\/www.mutokino.com\/web\/wp-json\/wp\/v2\/tags?post=512"}],"curies":[{"name":"wp","href":"https:\/\/api.w.org\/{rel}","templated":true}]}}